{"id":16293,"date":"2025-02-12T16:35:07","date_gmt":"2025-02-12T16:35:07","guid":{"rendered":"http:\/\/pagekreacje.pl\/?p=16293"},"modified":"2025-02-12T16:35:07","modified_gmt":"2025-02-12T16:35:07","slug":"meble-domowe-jak-je-dopasowac-do-kolorystyki-wnetrza","status":"publish","type":"post","link":"http:\/\/pagekreacje.pl\/?p=16293","title":{"rendered":"Meble domowe \u2013 jak je dopasowa\u0107 do kolorystyki wn\u0119trza?"},"content":{"rendered":"<p>Wyb\u00f3r mebli do pomieszcze\u0144 to kluczowy element urz\u0105dzania ka\u017cdego pomieszczenia. W zale\u017cno\u015bci od funkcji danego pokoju oraz indywidualnych potrzeb, stosownie wybrane meble mog\u0105 wprowadzi\u0107 harmoni\u0119 oraz wygod\u0119. Wsp\u00f3\u0142czesne trendy oferuj\u0105 wszechstronn\u0105 gam\u0119 styl\u00f3w, materia\u0142\u00f3w i barw, co sprawia, \u017ce meble do r\u00f3\u017cnorakich przestrzeni mog\u0105 by\u0107 dostosowane zar\u00f3wno do wymaga\u0144 u\u017cytkownik\u00f3w, jak i specyfiki danego miejsca.<!--more--><\/p>\n<p>  Meble do pomieszcze\u0144 pe\u0142ni\u0105 nie tylko i wy\u0142\u0105cznie rol\u0119 praktyczn\u0105, niemniej jednak r\u00f3wnie\u017c atrakcyjn\u0105, wp\u0142ywaj\u0105c na atmosfer\u0119 a tak\u017ce wygl\u0105d ca\u0142ego domu czy mieszkania. Trzeba pami\u0119ta\u0107, \u017ce przy wyborze mebli warto uwzgl\u0119dni\u0107 nie tylko i wy\u0142\u0105cznie ich u\u017cyteczno\u015b\u0107, ale te\u017c proporcje wzgl\u0119dem przestrzeni, w kt\u00f3rej b\u0119d\u0105 si\u0119 znajdowa\u0107.<\/p>\n<p>Jak dobiera\u0107 meble do pomieszcze\u0144? To pytanie, kt\u00f3re zadaje sobie wielu w\u0142a\u015bcicieli mieszka\u0144 i dom\u00f3w. Priorytetowym czynnikiem w tym procesie jest rozmiar pomieszczenia oraz jego uk\u0142ad. W niedu\u017cych przestrzeniach warto wybiera\u0107 meble, kt\u00f3re optycznie je powi\u0119ksz\u0105. \u0141atwe formy, jasne kolory i funkcjonalne rozwi\u0105zania pozwol\u0105 zaoszcz\u0119dzi\u0107 miejsce i wykona\u0107 z\u0142udzenie przestronno\u015bci. Z kolei w wi\u0119kszych pomieszczeniach mo\u017cna pozwoli\u0107 sobie na bardziej z\u0142o\u017cone kompozycje, wybieraj\u0105c meble, kt\u00f3re b\u0119d\u0105 pe\u0142ni\u0142y zar\u00f3wno funkcj\u0119 u\u017cytkow\u0105, jak i dekoracyjn\u0105. Co wi\u0119cej warto zwr\u00f3ci\u0107 uwag\u0119 na materia\u0142y, z kt\u00f3rych meble zosta\u0142y wykonane. Drewno, metal, szk\u0142o czy tkaniny &#8211; ka\u017cdy z owych materia\u0142\u00f3w ma w\u0142asne zalety i mo\u017ce wnie\u015b\u0107 inny charakter do wn\u0119trza.<\/p>\n<p>Meble do r\u00f3\u017cnorakich przestrzeni powinny by\u0107 nie tylko i wy\u0142\u0105cznie estetyczne, niemniej jednak te\u017c dostosowane do ich przeznaczenia. W salonie, gdzie sp\u0119dzamy czas z famili\u0105 i dobrymi przyjaci\u00f3\u0142mi, warto postawi\u0107 na wygodne kanapy i fotele, kt\u00f3re zapewni\u0105 komfort. W jadalni jednak\u017ce g\u0142\u00f3wnym elementem b\u0119d\u0105 sto\u0142y i krzes\u0142a, kt\u00f3re pomog\u0105 w organizacji spotka\u0144 i wsp\u00f3lnych posi\u0142k\u00f3w. Meble do przestrzeni takich jak biura czy pracownie powinny by\u0107 z kolei funkcjonalne, zapewniaj\u0105c odpowiedni\u0105 przestrze\u0144 do pracy, przechowywania dokument\u00f3w czy organizacji przestrzeni roboczej. Pr\u00f3cz tego wszystkim warto wspomnie\u0107, \u017ce meble powinny wsp\u00f3\u0142gra\u0107 z kolorystyk\u0105 \u015bcian, pod\u0142\u00f3g a tak\u017ce innych element\u00f3w wyposa\u017cenia.<\/p>\n<p>Meble domowe to temat, kt\u00f3ry obejmuje wszechstronn\u0105 gam\u0119 produkt\u00f3w, od du\u017cych mebli takich jak szafy, komody czy \u0142\u00f3\u017cka, po mniejsze elementy jak stoliki kawowe, rega\u0142y czy p\u00f3\u0142ki. W ka\u017cdym przypadku istotne jest, by wyb\u00f3r mebli by\u0142 uzale\u017cniony od codziennych potrzeb, gustu oraz stylu \u017cycia mieszka\u0144c\u00f3w. Wsp\u00f3\u0142czesny rynek oferuje sporo rozwi\u0105za\u0144, kt\u00f3re pozwalaj\u0105 na indywidualne podej\u015bcie do aran\u017cacji pomieszcze\u0144. Meble mog\u0105 by\u0107 zar\u00f3wno innowacyjne, jak i klasyczne, industrialne czy skandynawskie, co daje ogromn\u0105 dowolno\u015b\u0107 w tworzeniu przestrzeni, kt\u00f3ra b\u0119dzie zar\u00f3wno funkcjonalna, jak i estetyczna. Odpowiednie implementacj\u0119 mebli do wn\u0119trza umo\u017cliwia na zbudowanie harmonijnej i wygodnej atmosfery w ka\u017cdym domu.<br \/>\n<br \/>Warto sprawdzi\u0107: <a href=\"https:\/\/sklep.empir.com.pl\/meble\/fotel-sensmor-verikon.html\">fotel verikon<\/a>.<\/p>\n","protected":false},"excerpt":{"rendered":"<p>Wyb\u00f3r mebli do pomieszcze\u0144 to kluczowy element urz\u0105dzania ka\u017cdego pomieszczenia. W zale\u017cno\u015bci od funkcji danego pokoju oraz indywidualnych potrzeb, stosownie wybrane meble mog\u0105 wprowadzi\u0107 harmoni\u0119 oraz wygod\u0119. Wsp\u00f3\u0142czesne trendy oferuj\u0105 wszechstronn\u0105 gam\u0119 styl\u00f3w, materia\u0142\u00f3w i barw, co sprawia, \u017ce meble do r\u00f3\u017cnorakich przestrzeni mog\u0105 by\u0107 dostosowane zar\u00f3wno do wymaga\u0144 u\u017cytkownik\u00f3w, jak i specyfiki danego miejsca.<\/p>\n","protected":false},"author":1,"featured_media":0,"comment_status":"closed","ping_status":"closed","sticky":false,"template":"","format":"standard","meta":[],"categories":[1],"tags":[],"_links":{"self":[{"href":"http:\/\/pagekreacje.pl\/index.php?rest_route=\/wp\/v2\/posts\/16293"}],"collection":[{"href":"http:\/\/pagekreacje.pl\/index.php?rest_route=\/wp\/v2\/posts"}],"about":[{"href":"http:\/\/pagekreacje.pl\/index.php?rest_route=\/wp\/v2\/types\/post"}],"author":[{"embeddable":true,"href":"http:\/\/pagekreacje.pl\/index.php?rest_route=\/wp\/v2\/users\/1"}],"replies":[{"embeddable":true,"href":"http:\/\/pagekreacje.pl\/index.php?rest_route=%2Fwp%2Fv2%2Fcomments&post=16293"}],"version-history":[{"count":1,"href":"http:\/\/pagekreacje.pl\/index.php?rest_route=\/wp\/v2\/posts\/16293\/revisions"}],"predecessor-version":[{"id":16294,"href":"http:\/\/pagekreacje.pl\/index.php?rest_route=\/wp\/v2\/posts\/16293\/revisions\/16294"}],"wp:attachment":[{"href":"http:\/\/pagekreacje.pl\/index.php?rest_route=%2Fwp%2Fv2%2Fmedia&parent=16293"}],"wp:term":[{"taxonomy":"category","embeddable":true,"href":"http:\/\/pagekreacje.pl\/index.php?rest_route=%2Fwp%2Fv2%2Fcategories&post=16293"},{"taxonomy":"post_tag","embeddable":true,"href":"http:\/\/pagekreacje.pl\/index.php?rest_route=%2Fwp%2Fv2%2Ftags&post=16293"}],"curies":[{"name":"wp","href":"https:\/\/api.w.org\/{rel}","templated":true}]}}