{"id":16778,"date":"2025-04-20T18:39:06","date_gmt":"2025-04-20T18:39:06","guid":{"rendered":"http:\/\/pagekreacje.pl\/?p=16778"},"modified":"2025-04-20T18:39:06","modified_gmt":"2025-04-20T18:39:06","slug":"elastycznosc-wynajmu-magazynow-w-zaleznosci-od-potrzeb-2","status":"publish","type":"post","link":"http:\/\/pagekreacje.pl\/?p=16778","title":{"rendered":"Elastyczno\u015b\u0107 wynajmu magazyn\u00f3w w zale\u017cno\u015bci od potrzeb"},"content":{"rendered":"<p>Wyb\u00f3r dobrego magazynu do przechowywania rzeczy sta\u0142 si\u0119 istotnym zagadnieniem, szczeg\u00f3lnie w miastach o wysokim poziomie urbanizacji, gdzie brak miejsca do przechowywania w\u0142asnych przedmiot\u00f3w mo\u017ce by\u0107 problematyczny. Istnieje wiele opcji, kt\u00f3re pozwalaj\u0105 na wynajem przestrzeni, kt\u00f3ra odpowiada indywidualnym potrzebom zar\u00f3wno os\u00f3b prywatnych, jak i firm. Magazyny do wynaj\u0119cia mog\u0105 by\u0107 dostosowane do r\u00f3\u017cnorodnych za\u0142o\u017ce\u0144, takich jak powierzchnia, lokalizacja czy poziom zabezpiecze\u0144.<!--more--><\/p>\n<p>  W zale\u017cno\u015bci od tego, czy chodzi o przechowywanie mebli, dokument\u00f3w czy innych przedmiot\u00f3w, dost\u0119pne s\u0105 r\u00f3\u017cne opcje, kt\u00f3re mo\u017cna dopasowa\u0107 do specyficznych potrzeb.<\/p>\n<p>Self-storage to rozwi\u0105zanie, kt\u00f3re zyska\u0142o na popularno\u015bci w ostatnich latach. W skr\u00f3cie znaczy to mo\u017cliwo\u015b\u0107 wynajmu indywidualnej przestrzeni magazynowej, kt\u00f3ra jest dost\u0119pna przez ca\u0142\u0105 dob\u0119. Z regu\u0142y s\u0105 to jednostki o r\u00f3\u017cnych rozmiarach, kt\u00f3re pozwalaj\u0105 na elastyczne przechowywanie rzeczy w dogodnym dla wynajmuj\u0105cego czasie. Tego rodzaju magazyny s\u0105 cz\u0119sto wybierane przez osoby potrzebuj\u0105ce tymczasowego miejsca do przechowywania rzeczy, kt\u00f3re nie mieszcz\u0105 si\u0119 w domu albo biurze. Co wi\u0119cej, self-storage gwarantuje prywatno\u015b\u0107 oraz pe\u0142n\u0105 kontrol\u0119 nad dost\u0119pem do wynajmowanej przestrzeni, co jest istotne, zw\u0142aszcza gdy przechowywane przedmioty s\u0105 warto\u015bciowe albo maj\u0105 charakter wra\u017cliwy.<\/p>\n<p>Wynajem magazynu staje si\u0119 w szczeg\u00f3lno\u015bci popularny w gronie firm, kt\u00f3re potrzebuj\u0105 dodatkowej przestrzeni do przechowywania zapas\u00f3w, sprz\u0119tu czy materia\u0142\u00f3w biurowych. Firmy, kt\u00f3re zajmuj\u0105 si\u0119 handlem internetowym, na prawd\u0119 bardzo cz\u0119sto korzystaj\u0105 z magazyn\u00f3w, by m\u00f3c przechowywa\u0107 swoje produkty w odpowiednich warunkach, z mo\u017cliwo\u015bci\u0105 \u0142atwego dost\u0119pu w razie konieczno\u015bci. Pr\u00f3cz tego, wynajem magazyn\u00f3w daje im elastyczno\u015b\u0107 w zakresie powierzchni, co jest istotne w przypadku sezonowych wzrost\u00f3w zapotrzebowania na przestrze\u0144 magazynow\u0105. W takich przypadkach wynajem magazynu mo\u017ce okaza\u0107 si\u0119 bardziej op\u0142acalny ni\u017c inwestowanie w du\u017c\u0105 przestrze\u0144 na sta\u0142e, kt\u00f3ra nie b\u0119dzie ca\u0142kowicie wykorzystywana przez ca\u0142y rok.<\/p>\n<p>Wszystkie te warianty przechowywania rzeczy w wynajmowanych magazynach oferuj\u0105 r\u00f3\u017cnorodne udogodnienia i poziom zabezpiecze\u0144, kt\u00f3re pozwalaj\u0105 na przechowywanie mienia w spos\u00f3b bezpieczny i wygodny. W zale\u017cno\u015bci od firmy oferuj\u0105cej wynajem, przestrzenie mog\u0105 by\u0107 klimatyzowane, monitorowane, a tak\u017ce dost\u0119pne 24h na dob\u0119. Warto zaznaczy\u0107, \u017ce wynajem magazynu mo\u017ce by\u0107 rozwi\u0105zaniem nie tylko dla os\u00f3b potrzebuj\u0105cych dodatkowej przestrzeni do przechowywania rzeczy osobistych, ale tak\u017ce dla przedsi\u0119biorc\u00f3w poszukuj\u0105cych elastycznego sposobu na kontrolowanie zapasami.<br \/>\n<br \/>Wi\u0119cej informacji: <a href=\"https:\/\/ni28magazyny.pl\">wynajem magazynu Toru\u0144<\/a>.<\/p>\n","protected":false},"excerpt":{"rendered":"<p>Wyb\u00f3r dobrego magazynu do przechowywania rzeczy sta\u0142 si\u0119 istotnym zagadnieniem, szczeg\u00f3lnie w miastach o wysokim poziomie urbanizacji, gdzie brak miejsca do przechowywania w\u0142asnych przedmiot\u00f3w mo\u017ce by\u0107 problematyczny. Istnieje wiele opcji, kt\u00f3re pozwalaj\u0105 na wynajem przestrzeni, kt\u00f3ra odpowiada indywidualnym potrzebom zar\u00f3wno os\u00f3b prywatnych, jak i firm. Magazyny do wynaj\u0119cia mog\u0105 by\u0107 dostosowane do r\u00f3\u017cnorodnych za\u0142o\u017ce\u0144, takich&hellip; <a href=\"http:\/\/pagekreacje.pl\/?p=16778\" class=\"more-link\">Continue reading <span class=\"screen-reader-text\">Elastyczno\u015b\u0107 wynajmu magazyn\u00f3w w zale\u017cno\u015bci od potrzeb<\/span><\/a><\/p>\n","protected":false},"author":1,"featured_media":0,"comment_status":"closed","ping_status":"closed","sticky":false,"template":"","format":"standard","meta":[],"categories":[1],"tags":[],"_links":{"self":[{"href":"http:\/\/pagekreacje.pl\/index.php?rest_route=\/wp\/v2\/posts\/16778"}],"collection":[{"href":"http:\/\/pagekreacje.pl\/index.php?rest_route=\/wp\/v2\/posts"}],"about":[{"href":"http:\/\/pagekreacje.pl\/index.php?rest_route=\/wp\/v2\/types\/post"}],"author":[{"embeddable":true,"href":"http:\/\/pagekreacje.pl\/index.php?rest_route=\/wp\/v2\/users\/1"}],"replies":[{"embeddable":true,"href":"http:\/\/pagekreacje.pl\/index.php?rest_route=%2Fwp%2Fv2%2Fcomments&post=16778"}],"version-history":[{"count":1,"href":"http:\/\/pagekreacje.pl\/index.php?rest_route=\/wp\/v2\/posts\/16778\/revisions"}],"predecessor-version":[{"id":16779,"href":"http:\/\/pagekreacje.pl\/index.php?rest_route=\/wp\/v2\/posts\/16778\/revisions\/16779"}],"wp:attachment":[{"href":"http:\/\/pagekreacje.pl\/index.php?rest_route=%2Fwp%2Fv2%2Fmedia&parent=16778"}],"wp:term":[{"taxonomy":"category","embeddable":true,"href":"http:\/\/pagekreacje.pl\/index.php?rest_route=%2Fwp%2Fv2%2Fcategories&post=16778"},{"taxonomy":"post_tag","embeddable":true,"href":"http:\/\/pagekreacje.pl\/index.php?rest_route=%2Fwp%2Fv2%2Ftags&post=16778"}],"curies":[{"name":"wp","href":"https:\/\/api.w.org\/{rel}","templated":true}]}}