{"id":17842,"date":"2025-08-02T13:02:04","date_gmt":"2025-08-02T13:02:04","guid":{"rendered":"http:\/\/pagekreacje.pl\/?p=17842"},"modified":"2025-08-02T13:02:04","modified_gmt":"2025-08-02T13:02:04","slug":"zagospodarowanie-przestrzeni-handlowej-i-uslugowej","status":"publish","type":"post","link":"http:\/\/pagekreacje.pl\/?p=17842","title":{"rendered":"Zagospodarowanie przestrzeni handlowej i us\u0142ugowej"},"content":{"rendered":"<p>Projektowanie przestrzeni u\u017cytkowych stanowi dziedzin\u0119 \u0142\u0105cz\u0105c\u0105 aspekty estetyczne z funkcjonalno\u015bci\u0105, szczeg\u00f3lnie gdy chodzi o wn\u0119trza przeznaczone do dzia\u0142alno\u015bci handlowej i us\u0142ugowej. Takie przestrzenie musz\u0105 spe\u0142nia\u0107 okre\u015blone wymagania zwi\u0105zane z charakterem prowadzonej dzia\u0142alno\u015bci, co wp\u0142ywa na dob\u00f3r rozwi\u0105za\u0144 architektonicznych, materia\u0142\u00f3w wyko\u0144czeniowych a tak\u017ce organizacj\u0119 przestrzeni. W procesie planowania pomieszcze\u0144 handlowych i us\u0142ugowych wa\u017cne jest uwzgl\u0119dnienie czynnik\u00f3w takich jak ergonomia, obieg klient\u00f3w a tak\u017ce dost\u0119pno\u015b\u0107 do towar\u00f3w i us\u0142ug.<!--more--><\/p>\n<p>  Przestrze\u0144 musi by\u0107 tak zorganizowana, aby umo\u017cliwia\u0107 swobodne poruszanie si\u0119 zar\u00f3wno pracownikom, jak i odwiedzaj\u0105cym, a r\u00f3wnocze\u015bnie odpowiada\u0107 na specyficzne potrzeby danego rodzaju dzia\u0142alno\u015bci.<\/p>\n<p>Podczas realizacji projekt\u00f3w wn\u0119trz handlowych i us\u0142ugowych zwraca si\u0119 uwag\u0119 na prawid\u0142owe zagospodarowanie dost\u0119pnej powierzchni, kt\u00f3re umo\u017cliwia na efektywne u\u017cycie miejsca. W praktyce znaczy to nie tylko i wy\u0142\u0105cznie rozmieszczenie mebli i urz\u0105dze\u0144, niemniej jednak tak\u017ce odpowiednie do\u015bwietlenie, dobieranie barw i tekstur oraz akustyk\u0119 wn\u0119trza. Wp\u0142yw na komfort u\u017cytkowania maj\u0105 te\u017c elementy tj. systemy wentylacyjne czy klimatyzacja, kt\u00f3re musz\u0105 by\u0107 dopasowane do specyfiki dzia\u0142alno\u015bci. Przy tym, wa\u017cnym aspektem jest dost\u0119pno\u015b\u0107 przestrzeni dla os\u00f3b o ograniczonej mobilno\u015bci, co wymaga u\u017cycia rozwi\u0105za\u0144 zgodnych z panuj\u0105cymi normami i przepisami.<\/p>\n<p>Projektowanie pomieszcze\u0144 tego typu na prawd\u0119 cz\u0119sto obejmuje wsp\u00f3\u0142prac\u0119 z r\u00f3\u017cnymi profesjonalistami, takimi jak architekci, in\u017cynierowie czy technicy, co umo\u017cliwia na uwzgl\u0119dnienie wszystkich aspekt\u00f3w technicznych i estetycznych. W wsp\u00f3\u0142zale\u017cno\u015bci od charakteru dzia\u0142alno\u015bci mog\u0105 by\u0107 niezb\u0119dne specjalistyczne instalacje albo rozwi\u0105zania dostosowane do konkretnych za\u0142o\u017ce\u0144. Warto zwr\u00f3ci\u0107 uwag\u0119 na mo\u017cliwo\u015b\u0107 adaptacji przestrzeni, tak a\u017ceby p\u00f3\u017aniej mog\u0142a by\u0107 ona zmieniana w razie potrzeb bez konieczno\u015bci przeprowadzania du\u017cych remont\u00f3w. Elastyczno\u015b\u0107 w projektowaniu mo\u017ce mie\u0107 znaczenie dla funkcjonalnego zarz\u0105dzania lokalem handlowym lub us\u0142ugowym.<\/p>\n<p>Analiza wymaga\u0144 a tak\u017ce funkcji, jakie ma pe\u0142ni\u0107 dana przestrze\u0144, stanowi punkt wyj\u015bcia do projektowania wn\u0119trz handlowych i us\u0142ugowych. Zwraca si\u0119 uwag\u0119 na elementy wp\u0142ywaj\u0105ce na wygod\u0119 u\u017cytkownik\u00f3w, tj. rozmieszczenie stanowisk obs\u0142ugi, strefy wymagania czy zaplecza technicznego. Projektuj\u0105c wn\u0119trza, bierze si\u0119 r\u00f3wnie\u017c pod uwag\u0119 aspekty powi\u0105zane z bezpiecze\u0144stwem, dost\u0119pem do medi\u00f3w oraz mo\u017cliwo\u015bci\u0105 funkcjonalnego wykorzystania przestrzeni magazynowej. Takie podej\u015bcie umo\u017cliwia na stworzenie wn\u0119trza odpowiadaj\u0105cego potrzebom zar\u00f3wno przedsi\u0119biorc\u00f3w, jak i klient\u00f3w korzystaj\u0105cych z \u015bwiadczonych us\u0142ug albo produkt\u00f3w.<br \/>\n<br \/>Polecam: <a href=\"https:\/\/370studio.com\/oferta\/sklepy-i-showroomy\/\">projekt wn\u0119trza butiku<\/a>.<\/p>\n","protected":false},"excerpt":{"rendered":"<p>Projektowanie przestrzeni u\u017cytkowych stanowi dziedzin\u0119 \u0142\u0105cz\u0105c\u0105 aspekty estetyczne z funkcjonalno\u015bci\u0105, szczeg\u00f3lnie gdy chodzi o wn\u0119trza przeznaczone do dzia\u0142alno\u015bci handlowej i us\u0142ugowej. Takie przestrzenie musz\u0105 spe\u0142nia\u0107 okre\u015blone wymagania zwi\u0105zane z charakterem prowadzonej dzia\u0142alno\u015bci, co wp\u0142ywa na dob\u00f3r rozwi\u0105za\u0144 architektonicznych, materia\u0142\u00f3w wyko\u0144czeniowych a tak\u017ce organizacj\u0119 przestrzeni. W procesie planowania pomieszcze\u0144 handlowych i us\u0142ugowych wa\u017cne jest uwzgl\u0119dnienie czynnik\u00f3w&hellip; <a href=\"http:\/\/pagekreacje.pl\/?p=17842\" class=\"more-link\">Continue reading <span class=\"screen-reader-text\">Zagospodarowanie przestrzeni handlowej i us\u0142ugowej<\/span><\/a><\/p>\n","protected":false},"author":1,"featured_media":0,"comment_status":"closed","ping_status":"closed","sticky":false,"template":"","format":"standard","meta":[],"categories":[1],"tags":[],"_links":{"self":[{"href":"http:\/\/pagekreacje.pl\/index.php?rest_route=\/wp\/v2\/posts\/17842"}],"collection":[{"href":"http:\/\/pagekreacje.pl\/index.php?rest_route=\/wp\/v2\/posts"}],"about":[{"href":"http:\/\/pagekreacje.pl\/index.php?rest_route=\/wp\/v2\/types\/post"}],"author":[{"embeddable":true,"href":"http:\/\/pagekreacje.pl\/index.php?rest_route=\/wp\/v2\/users\/1"}],"replies":[{"embeddable":true,"href":"http:\/\/pagekreacje.pl\/index.php?rest_route=%2Fwp%2Fv2%2Fcomments&post=17842"}],"version-history":[{"count":1,"href":"http:\/\/pagekreacje.pl\/index.php?rest_route=\/wp\/v2\/posts\/17842\/revisions"}],"predecessor-version":[{"id":17843,"href":"http:\/\/pagekreacje.pl\/index.php?rest_route=\/wp\/v2\/posts\/17842\/revisions\/17843"}],"wp:attachment":[{"href":"http:\/\/pagekreacje.pl\/index.php?rest_route=%2Fwp%2Fv2%2Fmedia&parent=17842"}],"wp:term":[{"taxonomy":"category","embeddable":true,"href":"http:\/\/pagekreacje.pl\/index.php?rest_route=%2Fwp%2Fv2%2Fcategories&post=17842"},{"taxonomy":"post_tag","embeddable":true,"href":"http:\/\/pagekreacje.pl\/index.php?rest_route=%2Fwp%2Fv2%2Ftags&post=17842"}],"curies":[{"name":"wp","href":"https:\/\/api.w.org\/{rel}","templated":true}]}}